{"id":18840,"date":"2017-07-17T10:30:12","date_gmt":"2017-07-17T10:30:12","guid":{"rendered":"https:\/\/raisfundacion.org\/nuevaWeb\/?p=18840"},"modified":"2017-12-01T15:00:35","modified_gmt":"2017-12-01T15:00:35","slug":"comunicado-ante-el-tratamiento-informativo-de-7tv-sobre-la-noticia-de-la-violacion-y-retencion-ilegal-de-una-mujer-sin-hogar","status":"publish","type":"post","link":"https:\/\/hogarsi.org\/en\/comunicado-ante-el-tratamiento-informativo-de-7tv-sobre-la-noticia-de-la-violacion-y-retencion-ilegal-de-una-mujer-sin-hogar\/","title":{"rendered":"Comunicado ante el tratamiento informativo de 7TV sobre la noticia de la violaci\u00f3n y retenci\u00f3n ilegal de una mujer sin hogar"},"content":{"rendered":"<div class=\"field field-name-field-image field-type-image field-label-hidden\">\n<div class=\"field-items\">\n<div class=\"field-item even\"><img class=\"aligncenter\" title=\"Comunicado ante el tratamiento informativo de 7TV sobre la noticia de la violaci\u00f3n y retenci\u00f3n ilegal de una mujer sin hogar\" src=\"http:\/\/www.raisfundacion.org\/sites\/default\/files\/rais\/noticias\/parking_raisWEB.jpg\" alt=\"Comunicado ante el tratamiento informativo de 7TV sobre la noticia de la violaci\u00f3n y retenci\u00f3n ilegal de una mujer sin hogar\" \/><\/div>\n<\/div>\n<\/div>\n<div class=\"field field-name-body field-type-text-with-summary field-label-hidden\">\n<div class=\"field-items\">\n<div><\/div>\n<div class=\"field-item even\"><strong>Desde RAIS Fundaci\u00f3n queremos hacer p\u00fablicas las siguientes declaraciones que ya hemos remitido a la direcci\u00f3n de la Televisi\u00f3n P\u00fablica de la Regi\u00f3n de Murcia en relaci\u00f3n al abordaje de la violaci\u00f3n y retenci\u00f3n ilegal de una mujer sin hogar por parte de un hombre que se encuentra tambi\u00e9n en situaci\u00f3n de sinhogarismo en los informativos del pasado 5 de julio \u201cMurcia Conecta Verano\u201d.<\/strong><\/div>\n<\/div>\n<\/div>\n<div class=\"field-collection-container clearfix\">\n<div class=\"field field-name-field-contenido field-type-field-collection field-label-hidden\">\n<div class=\"field-items\">\n<div class=\"field-item even\">\n<div class=\"field-collection-view clearfix view-mode-full\">\n<div class=\"entity entity-field-collection-item field-collection-item-field-contenido clearfix\">\n<div class=\"content\">\n<div class=\"field field-name-field-texto field-type-text-long field-label-hidden\">\n<div class=\"field-items\">\n<div class=\"field-item even\">\n<p>\u2022 Somos conscientes de la complejidad de abordar el tratamiento de este caso en el que colisionan situaciones de extrema vulnerabilidad y discriminaci\u00f3n como el sinhogarismo y la violencia sexual.<\/p>\n<p>\u2022 Encontrarse en situaci\u00f3n de sinhogarismo es una vulneraci\u00f3n de derechos humanos, tal y como lo ha establecido por Naciones Unidas a trav\u00e9s de la relator\u00eda especial sobre el derecho a una vivienda adecuada. Por tanto, abordar cualquier noticia que afecte a personas sin hogar sin tener en cuenta esta perspectiva supone invisibilizar una vulneraci\u00f3n de derechos humanos que afecta a la seguridad, la vivienda, la salud y la vida de, al menos, 31.000 personas en Espa\u00f1a.<\/p>\n<p>\u2022 Un periodismo responsable debe preservar la intimidad de las v\u00edctimas, tratar a las personas con dignidad y respeto y centrar la informaci\u00f3n sobre los hechos. En este caso, se deber\u00eda haber contextualizado la grave situaci\u00f3n de vulnerabilidad de la v\u00edctima de agresiones sexuales en el marco de fen\u00f3menos m\u00e1s amplios como son el sinhogarismo y la violencia machista.<\/p>\n<p>\u2022 En relaci\u00f3n al abordaje de la entrevista con el agresor sexual consideramos que no se deber\u00eda haber mezclado con la situaci\u00f3n de sinhogarismo, dado que en absoluto existe una relaci\u00f3n entre encontrarse en esta situaci\u00f3n y ser un agresor sexual. El abordaje informativo deber\u00eda haberse centrado en los graves hechos. Asimismo, consideramos que cabe cuestionar la validez que los informativos ofrecen al agresor sexual y al argumento que ofrece sobre \u201cel deseo sexual de la v\u00edctima\u201d toda vez que ya ha sido confirmado por parte de los CFSE que se trata de una violaci\u00f3n sexual, tal y como informan en la misma pieza.<\/p>\n<p>\u2022 Lamentamos que desde la televisi\u00f3n p\u00fablica de la Regi\u00f3n de Murcia las personas sin hogar hayan sido tratadas de manera degradante y deshumanizante. Creemos que la publicaci\u00f3n de ciertas im\u00e1genes ha vulnerado el derecho a la intimidad e informativamente no han aportado ning\u00fan valor, como supone entrevistar a una persona semidesnuda en un espacio de deterioro o ejerciendo la mendicidad. \u00a0Lamentamos que estas personas no hayan sido tratadas con el respeto que todo ser humano merece.<\/p>\n<p>\u2022 Reclamamos la presencia de personas expertas en sinhogarismo y en violencia machista en el abordaje de noticias relacionadas con agresiones sexuales a mujeres sin hogar para evitar perpetuar estigmas, mitos y prejuicios que han acompa\u00f1ado la imagen que estas personas.<\/p>\n<\/div>\n<\/div>\n<\/div>\n<\/div>\n<\/div>\n<\/div>\n<\/div>\n<\/div>\n<\/div>\n<\/div>\n","protected":false},"excerpt":{"rendered":"<p>Desde RAIS Fundaci\u00f3n queremos hacer p\u00fablicas las siguientes declaraciones que ya hemos remitido a la direcci\u00f3n de la Televisi\u00f3n P\u00fablica de la Regi\u00f3n de Murcia en relaci\u00f3n al abordaje de la violaci\u00f3n y retenci\u00f3n ilegal de una mujer sin hogar por parte de un hombre que se encuentra tambi\u00e9n en situaci\u00f3n de sinhogarismo en los&#8230;<\/p>\n","protected":false},"author":2,"featured_media":0,"comment_status":"open","ping_status":"open","sticky":false,"template":"","format":"standard","meta":{"_mi_skip_tracking":false},"categories":[121],"tags":[183,135,130,138,136,185,184,132,137,134,133,131],"yoast_head":"<!-- This site is optimized with the Yoast SEO plugin v16.5 - https:\/\/yoast.com\/wordpress\/plugins\/seo\/ -->\n<title>Comunicado ante el tratamiento informativo de 7TV sobre la noticia de la violaci\u00f3n y retenci\u00f3n ilegal de una mujer sin hogar - HOGAR S\u00cd<\/title>\n<meta name=\"robots\" content=\"index, follow, max-snippet:-1, max-image-preview:large, max-video-preview:-1\" \/>\n<link rel=\"canonical\" href=\"https:\/\/hogarsi.org\/en\/comunicado-ante-el-tratamiento-informativo-de-7tv-sobre-la-noticia-de-la-violacion-y-retencion-ilegal-de-una-mujer-sin-hogar\/\" \/>\n<meta property=\"og:locale\" content=\"es_ES\" \/>\n<meta property=\"og:type\" content=\"article\" \/>\n<meta property=\"og:title\" content=\"Comunicado ante el tratamiento informativo de 7TV sobre la noticia de la violaci\u00f3n y retenci\u00f3n ilegal de una mujer sin hogar - HOGAR S\u00cd\" \/>\n<meta property=\"og:description\" content=\"Desde RAIS Fundaci\u00f3n queremos hacer p\u00fablicas las siguientes declaraciones que ya hemos remitido a la direcci\u00f3n de la Televisi\u00f3n P\u00fablica de la Regi\u00f3n de Murcia en relaci\u00f3n al abordaje de la violaci\u00f3n y retenci\u00f3n ilegal de una mujer sin hogar por parte de un hombre que se encuentra tambi\u00e9n en situaci\u00f3n de sinhogarismo en los...\" \/>\n<meta property=\"og:url\" content=\"https:\/\/hogarsi.org\/en\/comunicado-ante-el-tratamiento-informativo-de-7tv-sobre-la-noticia-de-la-violacion-y-retencion-ilegal-de-una-mujer-sin-hogar\/\" \/>\n<meta property=\"og:site_name\" content=\"HOGAR S\u00cd\" \/>\n<meta property=\"article:published_time\" content=\"2017-07-17T10:30:12+00:00\" \/>\n<meta property=\"article:modified_time\" content=\"2017-12-01T15:00:35+00:00\" \/>\n<meta property=\"og:image\" content=\"http:\/\/www.raisfundacion.org\/sites\/default\/files\/rais\/noticias\/parking_raisWEB.jpg\" \/>\n<meta name=\"twitter:card\" content=\"summary_large_image\" \/>\n<meta name=\"twitter:label1\" content=\"Tiempo de lectura\" \/>\n\t<meta name=\"twitter:data1\" content=\"2 minutos\" \/>\n<script type=\"application\/ld+json\" class=\"yoast-schema-graph\">{\"@context\":\"https:\/\/schema.org\",\"@graph\":[{\"@type\":\"WebSite\",\"@id\":\"https:\/\/hogarsi.org\/en\/#website\",\"url\":\"https:\/\/hogarsi.org\/en\/\",\"name\":\"HOGAR S\\u00cd\",\"description\":\"HOGAR S\\u00cd\",\"potentialAction\":[{\"@type\":\"SearchAction\",\"target\":\"https:\/\/hogarsi.org\/en\/?s={search_term_string}\",\"query-input\":\"required name=search_term_string\"}],\"inLanguage\":\"es\"},{\"@type\":\"ImageObject\",\"@id\":\"https:\/\/hogarsi.org\/en\/comunicado-ante-el-tratamiento-informativo-de-7tv-sobre-la-noticia-de-la-violacion-y-retencion-ilegal-de-una-mujer-sin-hogar\/#primaryimage\",\"inLanguage\":\"es\",\"url\":\"http:\/\/www.raisfundacion.org\/sites\/default\/files\/rais\/noticias\/parking_raisWEB.jpg\",\"contentUrl\":\"http:\/\/www.raisfundacion.org\/sites\/default\/files\/rais\/noticias\/parking_raisWEB.jpg\"},{\"@type\":\"WebPage\",\"@id\":\"https:\/\/hogarsi.org\/en\/comunicado-ante-el-tratamiento-informativo-de-7tv-sobre-la-noticia-de-la-violacion-y-retencion-ilegal-de-una-mujer-sin-hogar\/#webpage\",\"url\":\"https:\/\/hogarsi.org\/en\/comunicado-ante-el-tratamiento-informativo-de-7tv-sobre-la-noticia-de-la-violacion-y-retencion-ilegal-de-una-mujer-sin-hogar\/\",\"name\":\"Comunicado ante el tratamiento informativo de 7TV sobre la noticia de la violaci\\u00f3n y retenci\\u00f3n ilegal de una mujer sin hogar - HOGAR S\\u00cd\",\"isPartOf\":{\"@id\":\"https:\/\/hogarsi.org\/en\/#website\"},\"primaryImageOfPage\":{\"@id\":\"https:\/\/hogarsi.org\/en\/comunicado-ante-el-tratamiento-informativo-de-7tv-sobre-la-noticia-de-la-violacion-y-retencion-ilegal-de-una-mujer-sin-hogar\/#primaryimage\"},\"datePublished\":\"2017-07-17T10:30:12+00:00\",\"dateModified\":\"2017-12-01T15:00:35+00:00\",\"author\":{\"@id\":\"https:\/\/hogarsi.org\/en\/#\/schema\/person\/1ae50d3f9ff4df23389f682224c1397a\"},\"breadcrumb\":{\"@id\":\"https:\/\/hogarsi.org\/en\/comunicado-ante-el-tratamiento-informativo-de-7tv-sobre-la-noticia-de-la-violacion-y-retencion-ilegal-de-una-mujer-sin-hogar\/#breadcrumb\"},\"inLanguage\":\"es\",\"potentialAction\":[{\"@type\":\"ReadAction\",\"target\":[\"https:\/\/hogarsi.org\/en\/comunicado-ante-el-tratamiento-informativo-de-7tv-sobre-la-noticia-de-la-violacion-y-retencion-ilegal-de-una-mujer-sin-hogar\/\"]}]},{\"@type\":\"BreadcrumbList\",\"@id\":\"https:\/\/hogarsi.org\/en\/comunicado-ante-el-tratamiento-informativo-de-7tv-sobre-la-noticia-de-la-violacion-y-retencion-ilegal-de-una-mujer-sin-hogar\/#breadcrumb\",\"itemListElement\":[{\"@type\":\"ListItem\",\"position\":1,\"name\":\"Portada\",\"item\":\"https:\/\/hogarsi.org\/en\/\"},{\"@type\":\"ListItem\",\"position\":2,\"name\":\"Comunicado ante el tratamiento informativo de 7TV sobre la noticia de la violaci\\u00f3n y retenci\\u00f3n ilegal de una mujer sin hogar\"}]},{\"@type\":\"Person\",\"@id\":\"https:\/\/hogarsi.org\/en\/#\/schema\/person\/1ae50d3f9ff4df23389f682224c1397a\",\"name\":\"Rais\",\"image\":{\"@type\":\"ImageObject\",\"@id\":\"https:\/\/hogarsi.org\/en\/#personlogo\",\"inLanguage\":\"es\",\"url\":\"https:\/\/secure.gravatar.com\/avatar\/ca5cf1eb886100c167d12ef749df1e68?s=96&d=mm&r=g\",\"contentUrl\":\"https:\/\/secure.gravatar.com\/avatar\/ca5cf1eb886100c167d12ef749df1e68?s=96&d=mm&r=g\",\"caption\":\"Rais\"},\"url\":\"https:\/\/hogarsi.org\/en\/author\/rais\/\"}]}<\/script>\n<!-- \/ Yoast SEO plugin. -->","_links":{"self":[{"href":"https:\/\/hogarsi.org\/en\/wp-json\/wp\/v2\/posts\/18840"}],"collection":[{"href":"https:\/\/hogarsi.org\/en\/wp-json\/wp\/v2\/posts"}],"about":[{"href":"https:\/\/hogarsi.org\/en\/wp-json\/wp\/v2\/types\/post"}],"author":[{"embeddable":true,"href":"https:\/\/hogarsi.org\/en\/wp-json\/wp\/v2\/users\/2"}],"replies":[{"embeddable":true,"href":"https:\/\/hogarsi.org\/en\/wp-json\/wp\/v2\/comments?post=18840"}],"version-history":[{"count":1,"href":"https:\/\/hogarsi.org\/en\/wp-json\/wp\/v2\/posts\/18840\/revisions"}],"predecessor-version":[{"id":18841,"href":"https:\/\/hogarsi.org\/en\/wp-json\/wp\/v2\/posts\/18840\/revisions\/18841"}],"wp:attachment":[{"href":"https:\/\/hogarsi.org\/en\/wp-json\/wp\/v2\/media?parent=18840"}],"wp:term":[{"taxonomy":"category","embeddable":true,"href":"https:\/\/hogarsi.org\/en\/wp-json\/wp\/v2\/categories?post=18840"},{"taxonomy":"post_tag","embeddable":true,"href":"https:\/\/hogarsi.org\/en\/wp-json\/wp\/v2\/tags?post=18840"}],"curies":[{"name":"wp","href":"https:\/\/api.w.org\/{rel}","templated":true}]}}