{"id":18846,"date":"2017-07-04T10:29:31","date_gmt":"2017-07-04T10:29:31","guid":{"rendered":"https:\/\/raisfundacion.org\/nuevaWeb\/?p=18846"},"modified":"2017-12-01T15:03:28","modified_gmt":"2017-12-01T15:03:28","slug":"la-aporofobia-como-agravante-en-el-codigo-penal","status":"publish","type":"post","link":"https:\/\/hogarsi.org\/en\/la-aporofobia-como-agravante-en-el-codigo-penal\/","title":{"rendered":"La aporofobia como agravante en el C\u00f3digo Penal"},"content":{"rendered":"<div class=\"field field-name-field-image field-type-image field-label-hidden\">\n<div class=\"field-items\">\n<div class=\"field-item even\"><img class=\"aligncenter\" title=\"La aporofobia como agravante en el C\u00f3digo Penal\" src=\"http:\/\/www.raisfundacion.org\/sites\/default\/files\/rais\/noticias\/aporofobia_040717_0.jpg\" alt=\"La aporofobia como agravante en el C\u00f3digo Penal\" \/><\/div>\n<\/div>\n<\/div>\n<div class=\"field field-name-body field-type-text-with-summary field-label-hidden\">\n<div class=\"field-items\">\n<div><\/div>\n<div class=\"field-item even\"><strong>Aprobada una moci\u00f3n en el Senado que reconozca la especial vulnerabilidad que las personas sin hogar tienen frente a delitos de odio<\/strong><\/div>\n<\/div>\n<\/div>\n<div class=\"field-collection-container clearfix\">\n<div class=\"field field-name-field-contenido field-type-field-collection field-label-hidden\">\n<div class=\"field-items\">\n<div class=\"field-item even\">\n<div class=\"field-collection-view clearfix view-mode-full\">\n<div class=\"entity entity-field-collection-item field-collection-item-field-contenido clearfix\">\n<div class=\"content\">\n<div class=\"field field-name-field-texto field-type-text-long field-label-hidden\">\n<div class=\"field-items\">\n<div class=\"field-item even\">\n<p>El Senado ha aprobado una Moci\u00f3n presentada por el Grupo Parlamentario Unidos Podemos-En Com\u00fa Podem-En Marea por la que se insta al Gobierno a la reforma del art\u00edculo 22.4\u00aa del C\u00f3digo Penal para incluir la aporofobia como circunstancia agravante de la responsabilidad penal.<\/p>\n<p>Desde RAIS Fundaci\u00f3n celebramos esta iniciativa pol\u00edtica y nos alegramos del consenso generado. El impulso pol\u00edtico y la unanimidad de las fuerzas pol\u00edticas manifestado hoy en el Senado para introducir la aporofobia como un agravante dentro del C\u00f3digo Penal debe materializarse con agilidad para proteger de manera efectiva a las v\u00edctimas.<\/p>\n<p>Consideramos que es urgente e imprescindible que el C\u00f3digo Penal reconozca la especial vulnerabilidad que las personas sin hogar tienen frente a delitos basados en la intolerancia y los prejuicios, recogiendo la situaci\u00f3n socioecon\u00f3mica de pobreza y exclusi\u00f3n como una caracter\u00edstica a proteger.<\/p>\n<p>Los delitos motivados por la aporofobia deben ser perseguidos y castigados. Suponen una vulneraci\u00f3n flagrante de los derechos humanos y es uno de los mayores atentados contra la dignidad de las personas. En una investigaci\u00f3n realizada por el <a title=\"HATEnto\" href=\"http:\/\/hatento.org\/conoce\/primera-investigacion-sobre-delitos-de-odio-contra-personas-sin-hogar\/\" target=\"_new\">Observatorio Hatento<\/a> se estim\u00f3 que un 47% de las personas sin hogar en Espa\u00f1a han sido v\u00edctimas de, al menos, un incidente o delito de odio por aporofobia. De estas personas que han sufrido delitos de odio, en un 81% de los casos habr\u00edan sido v\u00edctimas de delitos de odio en m\u00e1s de una ocasi\u00f3n. Para el Observatorio Hatento, \u201ces fundamental no olvidar que el derecho a la vivienda se relaciona directamente con la calidad de vida, la seguridad y la salud de las personas, de forma que interacciona con los dem\u00e1s derechos fundamentales. Una sociedad democr\u00e1tica no puede permitirse abandonar m\u00e1s all\u00e1 de los m\u00e1rgenes a parte de su ciudadan\u00eda.\u201d<\/p>\n<\/div>\n<\/div>\n<\/div>\n<\/div>\n<\/div>\n<\/div>\n<\/div>\n<\/div>\n<\/div>\n<\/div>\n","protected":false},"excerpt":{"rendered":"<p>Aprobada una moci\u00f3n en el Senado que reconozca la especial vulnerabilidad que las personas sin hogar tienen frente a delitos de odio El Senado ha aprobado una Moci\u00f3n presentada por el Grupo Parlamentario Unidos Podemos-En Com\u00fa Podem-En Marea por la que se insta al Gobierno a la reforma del art\u00edculo 22.4\u00aa del C\u00f3digo Penal para&#8230;<\/p>\n","protected":false},"author":2,"featured_media":0,"comment_status":"open","ping_status":"open","sticky":false,"template":"","format":"standard","meta":{"_mi_skip_tracking":false},"categories":[121],"tags":[189,190,135,130,188,136,132,137,134,133,131],"yoast_head":"<!-- This site is optimized with the Yoast SEO plugin v16.5 - https:\/\/yoast.com\/wordpress\/plugins\/seo\/ -->\n<title>La aporofobia como agravante en el C\u00f3digo Penal - HOGAR S\u00cd<\/title>\n<meta name=\"robots\" content=\"index, follow, max-snippet:-1, max-image-preview:large, max-video-preview:-1\" \/>\n<link rel=\"canonical\" href=\"https:\/\/hogarsi.org\/en\/la-aporofobia-como-agravante-en-el-codigo-penal\/\" \/>\n<meta property=\"og:locale\" content=\"es_ES\" \/>\n<meta property=\"og:type\" content=\"article\" \/>\n<meta property=\"og:title\" content=\"La aporofobia como agravante en el C\u00f3digo Penal - HOGAR S\u00cd\" \/>\n<meta property=\"og:description\" content=\"Aprobada una moci\u00f3n en el Senado que reconozca la especial vulnerabilidad que las personas sin hogar tienen frente a delitos de odio El Senado ha aprobado una Moci\u00f3n presentada por el Grupo Parlamentario Unidos Podemos-En Com\u00fa Podem-En Marea por la que se insta al Gobierno a la reforma del art\u00edculo 22.4\u00aa del C\u00f3digo Penal para...\" \/>\n<meta property=\"og:url\" content=\"https:\/\/hogarsi.org\/en\/la-aporofobia-como-agravante-en-el-codigo-penal\/\" \/>\n<meta property=\"og:site_name\" content=\"HOGAR S\u00cd\" \/>\n<meta property=\"article:published_time\" content=\"2017-07-04T10:29:31+00:00\" \/>\n<meta property=\"article:modified_time\" content=\"2017-12-01T15:03:28+00:00\" \/>\n<meta property=\"og:image\" content=\"http:\/\/www.raisfundacion.org\/sites\/default\/files\/rais\/noticias\/aporofobia_040717_0.jpg\" \/>\n<meta name=\"twitter:card\" content=\"summary_large_image\" \/>\n<meta name=\"twitter:label1\" content=\"Tiempo de lectura\" \/>\n\t<meta name=\"twitter:data1\" content=\"2 minutos\" \/>\n<script type=\"application\/ld+json\" class=\"yoast-schema-graph\">{\"@context\":\"https:\/\/schema.org\",\"@graph\":[{\"@type\":\"WebSite\",\"@id\":\"https:\/\/hogarsi.org\/en\/#website\",\"url\":\"https:\/\/hogarsi.org\/en\/\",\"name\":\"HOGAR S\\u00cd\",\"description\":\"HOGAR S\\u00cd\",\"potentialAction\":[{\"@type\":\"SearchAction\",\"target\":\"https:\/\/hogarsi.org\/en\/?s={search_term_string}\",\"query-input\":\"required name=search_term_string\"}],\"inLanguage\":\"es\"},{\"@type\":\"ImageObject\",\"@id\":\"https:\/\/hogarsi.org\/en\/la-aporofobia-como-agravante-en-el-codigo-penal\/#primaryimage\",\"inLanguage\":\"es\",\"url\":\"http:\/\/www.raisfundacion.org\/sites\/default\/files\/rais\/noticias\/aporofobia_040717_0.jpg\",\"contentUrl\":\"http:\/\/www.raisfundacion.org\/sites\/default\/files\/rais\/noticias\/aporofobia_040717_0.jpg\"},{\"@type\":\"WebPage\",\"@id\":\"https:\/\/hogarsi.org\/en\/la-aporofobia-como-agravante-en-el-codigo-penal\/#webpage\",\"url\":\"https:\/\/hogarsi.org\/en\/la-aporofobia-como-agravante-en-el-codigo-penal\/\",\"name\":\"La aporofobia como agravante en el C\\u00f3digo Penal - HOGAR S\\u00cd\",\"isPartOf\":{\"@id\":\"https:\/\/hogarsi.org\/en\/#website\"},\"primaryImageOfPage\":{\"@id\":\"https:\/\/hogarsi.org\/en\/la-aporofobia-como-agravante-en-el-codigo-penal\/#primaryimage\"},\"datePublished\":\"2017-07-04T10:29:31+00:00\",\"dateModified\":\"2017-12-01T15:03:28+00:00\",\"author\":{\"@id\":\"https:\/\/hogarsi.org\/en\/#\/schema\/person\/1ae50d3f9ff4df23389f682224c1397a\"},\"breadcrumb\":{\"@id\":\"https:\/\/hogarsi.org\/en\/la-aporofobia-como-agravante-en-el-codigo-penal\/#breadcrumb\"},\"inLanguage\":\"es\",\"potentialAction\":[{\"@type\":\"ReadAction\",\"target\":[\"https:\/\/hogarsi.org\/en\/la-aporofobia-como-agravante-en-el-codigo-penal\/\"]}]},{\"@type\":\"BreadcrumbList\",\"@id\":\"https:\/\/hogarsi.org\/en\/la-aporofobia-como-agravante-en-el-codigo-penal\/#breadcrumb\",\"itemListElement\":[{\"@type\":\"ListItem\",\"position\":1,\"name\":\"Portada\",\"item\":\"https:\/\/hogarsi.org\/en\/\"},{\"@type\":\"ListItem\",\"position\":2,\"name\":\"La aporofobia como agravante en el C\\u00f3digo Penal\"}]},{\"@type\":\"Person\",\"@id\":\"https:\/\/hogarsi.org\/en\/#\/schema\/person\/1ae50d3f9ff4df23389f682224c1397a\",\"name\":\"Rais\",\"image\":{\"@type\":\"ImageObject\",\"@id\":\"https:\/\/hogarsi.org\/en\/#personlogo\",\"inLanguage\":\"es\",\"url\":\"https:\/\/secure.gravatar.com\/avatar\/ca5cf1eb886100c167d12ef749df1e68?s=96&d=mm&r=g\",\"contentUrl\":\"https:\/\/secure.gravatar.com\/avatar\/ca5cf1eb886100c167d12ef749df1e68?s=96&d=mm&r=g\",\"caption\":\"Rais\"},\"url\":\"https:\/\/hogarsi.org\/en\/author\/rais\/\"}]}<\/script>\n<!-- \/ Yoast SEO plugin. -->","_links":{"self":[{"href":"https:\/\/hogarsi.org\/en\/wp-json\/wp\/v2\/posts\/18846"}],"collection":[{"href":"https:\/\/hogarsi.org\/en\/wp-json\/wp\/v2\/posts"}],"about":[{"href":"https:\/\/hogarsi.org\/en\/wp-json\/wp\/v2\/types\/post"}],"author":[{"embeddable":true,"href":"https:\/\/hogarsi.org\/en\/wp-json\/wp\/v2\/users\/2"}],"replies":[{"embeddable":true,"href":"https:\/\/hogarsi.org\/en\/wp-json\/wp\/v2\/comments?post=18846"}],"version-history":[{"count":1,"href":"https:\/\/hogarsi.org\/en\/wp-json\/wp\/v2\/posts\/18846\/revisions"}],"predecessor-version":[{"id":18847,"href":"https:\/\/hogarsi.org\/en\/wp-json\/wp\/v2\/posts\/18846\/revisions\/18847"}],"wp:attachment":[{"href":"https:\/\/hogarsi.org\/en\/wp-json\/wp\/v2\/media?parent=18846"}],"wp:term":[{"taxonomy":"category","embeddable":true,"href":"https:\/\/hogarsi.org\/en\/wp-json\/wp\/v2\/categories?post=18846"},{"taxonomy":"post_tag","embeddable":true,"href":"https:\/\/hogarsi.org\/en\/wp-json\/wp\/v2\/tags?post=18846"}],"curies":[{"name":"wp","href":"https:\/\/api.w.org\/{rel}","templated":true}]}}